[{"@context":"https:\/\/schema.org\/","@type":"Article","@id":"https:\/\/www.nr1.cz\/jak-vhodna-je-cerna-kozena-kabelka-pres-rameno\/#Article","mainEntityOfPage":"https:\/\/www.nr1.cz\/jak-vhodna-je-cerna-kozena-kabelka-pres-rameno\/","headline":"Jak vhodn\u00e1 je \u010dern\u00e1 ko\u017een\u00e1 kabelka p\u0159es rameno?","name":"Jak vhodn\u00e1 je \u010dern\u00e1 ko\u017een\u00e1 kabelka p\u0159es rameno?","description":"Kabelku m\u016f\u017eeme pova\u017eovat za cosi jako odznak \u017eeny. To, jakou zvol\u00ed i jak se o ni star\u00e1 o mnoh\u00e9m vypov\u00edd\u00e1. Pravdou tak\u00e9 je, \u017ee mnoho [&hellip;]","datePublished":"2019-09-23","dateModified":"2023-04-30","author":{"@type":"Person","@id":"https:\/\/www.nr1.cz\/author\/#Person","name":"","url":"https:\/\/www.nr1.cz\/author\/","identifier":1,"image":{"@type":"ImageObject","@id":"https:\/\/secure.gravatar.com\/avatar\/baa231f7e1963b29d6549eb0e137b049d877d4e97c51386f463c7d4fc98329bd?s=96&d=mm&r=g","url":"https:\/\/secure.gravatar.com\/avatar\/baa231f7e1963b29d6549eb0e137b049d877d4e97c51386f463c7d4fc98329bd?s=96&d=mm&r=g","height":96,"width":96}},"publisher":{"@type":"Organization","name":"nr1.cz","logo":{"@type":"ImageObject","@id":"\/logo.png","url":"\/logo.png","width":600,"height":60}},"image":{"@type":"ImageObject","@id":"https:\/\/www.nr1.cz\/wp-content\/uploads\/img_a363063_w1736_t1575896204.jpg","url":"https:\/\/www.nr1.cz\/wp-content\/uploads\/img_a363063_w1736_t1575896204.jpg","height":0,"width":0},"url":"https:\/\/www.nr1.cz\/jak-vhodna-je-cerna-kozena-kabelka-pres-rameno\/","about":["N\u00e1kupy"],"wordCount":563,"articleBody":"  Kabelku m\u016f\u017eeme pova\u017eovat za cosi jako odznak \u017eeny. To, jakou zvol\u00ed i jak se o ni star\u00e1 o mnoh\u00e9m vypov\u00edd\u00e1. Pravdou tak\u00e9 je, \u017ee mnoho \u017een m\u00e1 v\u00edce kabelek pro r\u016fzn\u00e9 p\u0159\u00edle\u017eitosti. Ne v\u0161echny kabelky jsou toti\u017e vhodn\u00e9 pro v\u0161echny situace. Jinou si vezmeme na obchodn\u00ed jedn\u00e1n\u00ed, jinou na spole\u010densk\u00fd ve\u010d\u00edrek a jinou zase na b\u011b\u017en\u00fd n\u00e1kup do m\u011bsta. Je ale tak\u00e9 pravda, \u017ee n\u011bkter\u00e9 jsou univerz\u00e1ln\u011bj\u0161\u00ed ne\u017e jin\u00e9. Typick\u00fdm p\u0159\u00edkladem je nap\u0159\u00edklad \u010dern\u00e1 ko\u017een\u00e1 kabelka p\u0159es rameno lorooro.cz, kter\u00e1 je vhodn\u00e1 pro mnoho situac\u00ed. Proto jen tento typ u \u017een velmi obl\u00edben\u00fd. Pro\u010d je tomu tak? Jedn\u00edm z d\u016fvod\u016f je pou\u017eit\u00fd materi\u00e1l. K\u016f\u017ee je dostate\u010dn\u011b pevn\u00e1 a p\u0159i dobr\u00e9 p\u00e9\u010di i dlouho vydr\u017e\u00ed. Tak\u00e9 se jen tak neprotrhne, pokud do sv\u00e9 ta\u0161ky vlo\u017e\u00edte p\u0159edm\u011bt s ost\u0159ej\u0161\u00edmi hranami. No\u0161en\u00ed p\u0159es rameno je tak\u00e9 mnohem pohodln\u011bj\u0161\u00ed ne\u017e dr\u017een\u00ed za u\u0161i. M\u00e1 to nav\u00edc i tu v\u00fdhodu, \u017ee pokud kabelku na del\u0161\u00edm popruhu nos\u00edte takzvan\u011b \u201ep\u0159es krk\u201c, m\u00e1 potenci\u00e1ln\u00ed zlod\u011bj velmi zt\u00ed\u017eenou \u0161anci v\u00e1m ji ukr\u00e1st. Ani tento model v\u0161ak nen\u00ed samospasn\u00fd. Uv\u00e1\u017eit je t\u0159eba i velikost va\u0161\u00ed ta\u0161ky. Skute\u010dn\u011b velk\u00e1 se hod\u00ed na n\u00e1kup a na b\u011b\u017en\u00e9 no\u0161en\u00ed, nebo\u0165 se tam vejde mnoho v\u011bc\u00ed a \u010d\u00e1st sv\u00e9ho n\u00e1kupu tam m\u016f\u017eete vlo\u017eit. Opravdu se n\u011bkdy zd\u00e1, \u017ee jsou prakticky bezedn\u00e9. Je ale tak\u00e9 pravda, \u017ee pokud tam m\u00e1te v\u00edce v\u011bc\u00ed, h\u016f\u0159e se v\u00e1m potom hled\u00e1 to, co pot\u0159ebujete. Kdo se n\u011bkdy ve sv\u00e9 kabelce p\u0159ehraboval a vynd\u00e1val z n\u00ed v\u011bci p\u0159i hled\u00e1n\u00ed mobilu \u010di kl\u00ed\u010d\u016f, mi d\u00e1 jist\u011b za pravdu. Naproti tomu mal\u00e1 velikost se hod\u00ed sp\u00ed\u0161e pro spole\u010densk\u00e9 akce \u010di ofici\u00e1ln\u00ed jedn\u00e1n\u00ed. Je to p\u0159edev\u0161\u00edm proto, \u017ee vypad\u00e1 skladn\u011bji a spo\u0159\u00e1dan\u011bji a nep\u0159itahuje tolik pozornost. Nev\u00fdhodou samoz\u0159ejm\u011b je, \u017ee se do n\u00ed vejde mnohem m\u00e9n\u011b v\u011bc\u00ed, a tak je pot\u0159eba, zvl\u00e1\u0161t\u011b pokud sebou berete nap\u0159\u00edklad slo\u017eku velikosti A4, vz\u00edt je\u0161t\u011b jednu ta\u0161ku. Co se zap\u00edn\u00e1n\u00ed t\u00fd\u010de, tak existuj\u00ed t\u0159i mo\u017enosti. Prvn\u00ed z nich je zap\u00edn\u00e1n\u00ed na p\u0159ezku. To m\u00e1 v\u00fdhodu, \u017ee pro zlod\u011bje nen\u00ed tak snadn\u00e9 ji nepozorovan\u011b otev\u0159\u00edt. Na druhou stranu ponech\u00e1v\u00e1 m\u00edsto, kam m\u016f\u017ee zlod\u011bj bez probl\u00e9mu str\u010dit ruku. Druh\u00fdm typem je klasick\u00fd kovov\u00fd zip. Ten je u\u017e\u00edvan\u00fd pom\u011brn\u011b \u010dasto. Nev\u00fdhodou je, \u017ee se m\u016f\u017ee pom\u011brn\u011b snadno rozb\u00edt, zvl\u00e1\u0161t\u011b pokud m\u00e1te kabelku neust\u00e1le plnou. Tak\u00e9 jde pom\u011brn\u011b snadno otev\u0159\u00edt. Na druhou stranu neposkytuje m\u00edsto, kam by mohl p\u0159\u00edpadn\u00fd kaps\u00e1\u0159 str\u010dit nepozorovan\u011b ruku. T\u0159et\u00edm typem je kombinace obou p\u0159edchoz\u00edch. Je pou\u017e\u00edv\u00e1n nej\u010dast\u011bji, nebo\u0165 p\u0159in\u00e1\u0161\u00ed nejv\u011bt\u0161\u00ed mo\u017en\u00e9 zabezpe\u010den\u00ed. Proto tento typ v\u0159ele doporu\u010duji. A co vy? Jste tak\u00e9 fanou\u0161ci ko\u017een\u00fdch kabelek?                                                                                                                                                                                                                                                                                                                                                                                         4\/5 - (10 votes)        "},{"@context":"https:\/\/schema.org\/","@type":"BreadcrumbList","itemListElement":[{"@type":"ListItem","position":1,"name":"Jak vhodn\u00e1 je \u010dern\u00e1 ko\u017een\u00e1 kabelka p\u0159es rameno?","item":"https:\/\/www.nr1.cz\/jak-vhodna-je-cerna-kozena-kabelka-pres-rameno\/#breadcrumbitem"}]}]